{"id":59575,"date":"2024-05-17T12:49:30","date_gmt":"2024-05-17T10:49:30","guid":{"rendered":"https:\/\/wctt.pwr.edu.pl\/?p=59575"},"modified":"2024-05-17T12:49:30","modified_gmt":"2024-05-17T10:49:30","slug":"nabor-wnioskow-do-2-giej-edycji-szwajcarsko-polskiego-programu-wspolpracy","status":"publish","type":"post","link":"https:\/\/wctt.pwr.edu.pl\/en\/nabor-wnioskow-do-2-giej-edycji-szwajcarsko-polskiego-programu-wspolpracy\/","title":{"rendered":"Nab\u00f3r wniosk\u00f3w do 2-giej edycji Szwajcarsko-Polskiego Programu Wsp\u00f3\u0142pracy"},"content":{"rendered":"<div class=\"wp-block-image\">\r\n<figure class=\"aligncenter size-full\"><img decoding=\"async\" width=\"1348\" height=\"306\" class=\"wp-image-59577 lazyload\" data-src=\"https:\/\/wctt.pwr.edu.pl\/wp-content\/uploads\/2024\/05\/Zrzut-ekranu-2024-05-17-122650.png\" alt=\"\" data-srcset=\"https:\/\/wctt.pwr.edu.pl\/wp-content\/uploads\/2024\/05\/Zrzut-ekranu-2024-05-17-122650.png 1348w, https:\/\/wctt.pwr.edu.pl\/wp-content\/uploads\/2024\/05\/Zrzut-ekranu-2024-05-17-122650-300x68.png 300w, https:\/\/wctt.pwr.edu.pl\/wp-content\/uploads\/2024\/05\/Zrzut-ekranu-2024-05-17-122650-1024x232.png 1024w, https:\/\/wctt.pwr.edu.pl\/wp-content\/uploads\/2024\/05\/Zrzut-ekranu-2024-05-17-122650-768x174.png 768w\" data-sizes=\"(max-width: 1348px) 100vw, 1348px\" src=\"data:image\/svg+xml;base64,PHN2ZyB3aWR0aD0iMSIgaGVpZ2h0PSIxIiB4bWxucz0iaHR0cDovL3d3dy53My5vcmcvMjAwMC9zdmciPjwvc3ZnPg==\" style=\"--smush-placeholder-width: 1348px; --smush-placeholder-aspect-ratio: 1348\/306;\" \/><\/figure>\r\n<\/div>\r\n<p>&nbsp;<\/p>\r\n<h4><strong>Na pro\u015bb\u0119 naszego partnera, szwajcarskiego oddzia\u0142u Sieci EEN, Wroc\u0142awskie Centrum Transferu Technologii Politechniki Wroc\u0142awskiej zaprasza do udzia\u0142u w naborze do projekt\u00f3w finansowanych w ramach II edycji Szwajcarsko-Polskiego Programu Wsp\u00f3\u0142pracy. Zach\u0119camy uczestnik\u00f3w z Polski i Szwajcarii do sk\u0142adania wsp\u00f3lnych wniosk\u00f3w projektowych. Program koncentruje si\u0119 na badaniach i rozwoju innowacyjnych produkt\u00f3w oraz zastosowa\u0144 o wysokim potencjale rynkowym.<\/strong><\/h4>\r\n<hr \/>\r\n<p>Narodowe Centrum Bada\u0144 i Rozwoju (NCBR) we wsp\u00f3\u0142pracy z Szwajcarsk\u0105 Agencj\u0105 Innowacji (Innosuisse) og\u0142asza I wsp\u00f3lny nab\u00f3r wniosk\u00f3w o dofinansowanie projekt\u00f3w bada\u0144 stosowanych w ramach Programu Bada\u0144 i Innowacji. Program ma na celu wspieranie zr\u00f3wnowa\u017conego rozwoju i d\u0142ugoterminowego wzrostu gospodarczego poprzez rozw\u00f3j wiedzy opartej na badaniach naukowych. Realizowane w jego ramach mi\u0119dzynarodowe projekty badawczo-rozwojowe maj\u0105 na celu popraw\u0119 konkurencyjno\u015bci przedsi\u0119biorstw dzi\u0119ki innowacyjnym badaniom stosowanym.<\/p>\r\n<p><strong>Kto mo\u017ce aplikowa\u0107?<\/strong><br \/>Aplikowa\u0107 mog\u0105 konsorcja sk\u0142adaj\u0105ce si\u0119 z co najmniej jednego podmiotu polskiego i jednego szwajcarskiego, w tym co najmniej jedno przedsi\u0119biorstwo z siedzib\u0105 w Polsce lub Szwajcarii.<\/p>\r\n<p><strong>Szczeg\u00f3\u0142y dofinansowania:<\/strong><br \/>Organizacje badawcze: mog\u0105 otrzyma\u0107 do 100% dofinansowania koszt\u00f3w kwalifikowalnych.<br \/>Przedsi\u0119biorstwa: kwota dofinansowania b\u0119dzie ustalana indywidualnie, w zale\u017cno\u015bci od wielko\u015bci firmy oraz rodzaju prowadzonych bada\u0144 i prac rozwojowych.<\/p>\r\n<p><strong>Bud\u017cet konkursu:<\/strong> 66,6 mln z\u0142.<br \/><strong>Termin sk\u0142adania wniosk\u00f3w:<\/strong> 1 lipca 2024.<br \/><strong>Wi\u0119cej informacji:<\/strong><\/p>\r\n<ul>\r\n<li><strong>Strona programu<\/strong>: <a href=\"https:\/\/www.gov.pl\/web\/ncbr\/call-2024\" target=\"_new\" rel=\"noreferrer noopener\">Call 2024<\/a><\/li>\r\n<li><strong>Platforma matchmakingowa<\/strong>: <a href=\"https:\/\/swiss-polish-call.b2match.io\/home\" target=\"_new\" rel=\"noreferrer noopener\">b2match<\/a><\/li>\r\n<li><strong>Wydarzenie w NextEEN<\/strong>: <a href=\"https:\/\/een.ec.europa.eu\/nexteen\/events\/details\/ee2e8251-8758-45f3-a5b9-018f4e49b15a\" target=\"_new\" rel=\"noreferrer noopener\">NextEEN Event<\/a><\/li>\r\n<\/ul>\r\n\r\n<p>&nbsp;<\/p>\r\n\r\n<p>&nbsp;<\/p>\r\n<p>&nbsp;<\/p>","protected":false},"excerpt":{"rendered":"<p>&nbsp; Na pro\u015bb\u0119 naszego partnera, szwajcarskiego oddzia\u0142u Sieci EEN, Wroc\u0142awskie Centrum Transferu Technologii Politechniki Wroc\u0142awskiej zaprasza do udzia\u0142u w naborze do projekt\u00f3w finansowanych w ramach II edycji Szwajcarsko-Polskiego Programu Wsp\u00f3\u0142pracy. Zach\u0119camy uczestnik\u00f3w z Polski i Szwajcarii do sk\u0142adania wsp\u00f3lnych wniosk\u00f3w projektowych. Program koncentruje si\u0119 na badaniach i rozwoju innowacyjnych produkt\u00f3w oraz zastosowa\u0144 o wysokim potencjale<\/p>\n","protected":false},"author":47,"featured_media":59579,"comment_status":"open","ping_status":"closed","sticky":false,"template":"","format":"standard","meta":{"inline_featured_image":false,"_uag_custom_page_level_css":"","footnotes":""},"categories":[163,71],"tags":[191,768],"class_list":["post-59575","post","type-post","status-publish","format-standard","has-post-thumbnail","hentry","category-een-wroclaw","category-aktualnosci","tag-horyzont-europa","tag-komercjalizacja-wynikow-badan-naukowych-w-programie-horyzont-europa"],"acf":[],"uagb_featured_image_src":{"full":["https:\/\/wctt.pwr.edu.pl\/wp-content\/uploads\/2024\/05\/mini.jpg",800,600,false],"thumbnail":["https:\/\/wctt.pwr.edu.pl\/wp-content\/uploads\/2024\/05\/mini-150x150.jpg",150,150,true],"medium":["https:\/\/wctt.pwr.edu.pl\/wp-content\/uploads\/2024\/05\/mini-300x225.jpg",300,225,true],"medium_large":["https:\/\/wctt.pwr.edu.pl\/wp-content\/uploads\/2024\/05\/mini-768x576.jpg",640,480,true],"large":["https:\/\/wctt.pwr.edu.pl\/wp-content\/uploads\/2024\/05\/mini.jpg",640,480,false],"1536x1536":["https:\/\/wctt.pwr.edu.pl\/wp-content\/uploads\/2024\/05\/mini.jpg",800,600,false],"2048x2048":["https:\/\/wctt.pwr.edu.pl\/wp-content\/uploads\/2024\/05\/mini.jpg",800,600,false]},"uagb_author_info":{"display_name":"Magdalena Kasza","author_link":"https:\/\/wctt.pwr.edu.pl\/en\/author\/magkas\/"},"uagb_comment_info":0,"uagb_excerpt":"&nbsp; Na pro\u015bb\u0119 naszego partnera, szwajcarskiego oddzia\u0142u Sieci EEN, Wroc\u0142awskie Centrum Transferu Technologii Politechniki Wroc\u0142awskiej zaprasza do udzia\u0142u w naborze do projekt\u00f3w finansowanych w ramach II edycji Szwajcarsko-Polskiego Programu Wsp\u00f3\u0142pracy. Zach\u0119camy uczestnik\u00f3w z Polski i Szwajcarii do sk\u0142adania wsp\u00f3lnych wniosk\u00f3w projektowych. Program koncentruje si\u0119 na badaniach i rozwoju innowacyjnych produkt\u00f3w oraz zastosowa\u0144 o wysokim potencjale","publishpress_future_action":{"enabled":false,"date":"2026-05-06 20:11:27","action":"change-status","newStatus":"draft","terms":[],"taxonomy":"category","extraData":[]},"publishpress_future_workflow_manual_trigger":{"enabledWorkflows":[]},"_links":{"self":[{"href":"https:\/\/wctt.pwr.edu.pl\/en\/wp-json\/wp\/v2\/posts\/59575","targetHints":{"allow":["GET"]}}],"collection":[{"href":"https:\/\/wctt.pwr.edu.pl\/en\/wp-json\/wp\/v2\/posts"}],"about":[{"href":"https:\/\/wctt.pwr.edu.pl\/en\/wp-json\/wp\/v2\/types\/post"}],"author":[{"embeddable":true,"href":"https:\/\/wctt.pwr.edu.pl\/en\/wp-json\/wp\/v2\/users\/47"}],"replies":[{"embeddable":true,"href":"https:\/\/wctt.pwr.edu.pl\/en\/wp-json\/wp\/v2\/comments?post=59575"}],"version-history":[{"count":7,"href":"https:\/\/wctt.pwr.edu.pl\/en\/wp-json\/wp\/v2\/posts\/59575\/revisions"}],"predecessor-version":[{"id":59584,"href":"https:\/\/wctt.pwr.edu.pl\/en\/wp-json\/wp\/v2\/posts\/59575\/revisions\/59584"}],"wp:featuredmedia":[{"embeddable":true,"href":"https:\/\/wctt.pwr.edu.pl\/en\/wp-json\/wp\/v2\/media\/59579"}],"wp:attachment":[{"href":"https:\/\/wctt.pwr.edu.pl\/en\/wp-json\/wp\/v2\/media?parent=59575"}],"wp:term":[{"taxonomy":"category","embeddable":true,"href":"https:\/\/wctt.pwr.edu.pl\/en\/wp-json\/wp\/v2\/categories?post=59575"},{"taxonomy":"post_tag","embeddable":true,"href":"https:\/\/wctt.pwr.edu.pl\/en\/wp-json\/wp\/v2\/tags?post=59575"}],"curies":[{"name":"wp","href":"https:\/\/api.w.org\/{rel}","templated":true}]}}