{"id":46245,"date":"2020-10-12T12:01:49","date_gmt":"2020-10-12T10:01:49","guid":{"rendered":"https:\/\/wctt.pwr.edu.pl\/?p=46245"},"modified":"2020-10-27T10:30:58","modified_gmt":"2020-10-27T08:30:58","slug":"webinar-wlasnosc-intelektualna-w-biznesie","status":"publish","type":"post","link":"https:\/\/wctt.pwr.edu.pl\/en\/webinar-wlasnosc-intelektualna-w-biznesie\/","title":{"rendered":"(Polski) Webinar: W\u0142asno\u015b\u0107 intelektualna w biznesie"},"content":{"rendered":"<p class=\"qtranxs-available-languages-message qtranxs-available-languages-message-en\">Sorry, this entry is only available in <a href=\"https:\/\/wctt.pwr.edu.pl\/pl\/wp-json\/wp\/v2\/posts\/46245\" class=\"qtranxs-available-language-link qtranxs-available-language-link-pl\" title=\"Polski\">Polski<\/a>.<\/p>","protected":false},"excerpt":{"rendered":"<p>Sorry, this entry is only available in Polski.<\/p>\n","protected":false},"author":47,"featured_media":46246,"comment_status":"open","ping_status":"closed","sticky":false,"template":"","format":"standard","meta":{"inline_featured_image":false,"_uag_custom_page_level_css":"","footnotes":""},"categories":[181],"tags":[],"class_list":["post-46245","post","type-post","status-publish","format-standard","has-post-thumbnail","hentry","category-archiwalne"],"acf":[],"uagb_featured_image_src":{"full":["https:\/\/wctt.pwr.edu.pl\/wp-content\/uploads\/2020\/10\/d.png",424,240,false],"thumbnail":["https:\/\/wctt.pwr.edu.pl\/wp-content\/uploads\/2020\/10\/d-150x150.png",150,150,true],"medium":["https:\/\/wctt.pwr.edu.pl\/wp-content\/uploads\/2020\/10\/d-300x170.png",300,170,true],"medium_large":["https:\/\/wctt.pwr.edu.pl\/wp-content\/uploads\/2020\/10\/d.png",424,240,false],"large":["https:\/\/wctt.pwr.edu.pl\/wp-content\/uploads\/2020\/10\/d.png",424,240,false],"1536x1536":["https:\/\/wctt.pwr.edu.pl\/wp-content\/uploads\/2020\/10\/d.png",424,240,false],"2048x2048":["https:\/\/wctt.pwr.edu.pl\/wp-content\/uploads\/2020\/10\/d.png",424,240,false]},"uagb_author_info":{"display_name":"Magdalena Kasza","author_link":"https:\/\/wctt.pwr.edu.pl\/en\/author\/magkas\/"},"uagb_comment_info":0,"uagb_excerpt":"Sorry, this entry is only available in Polski.","publishpress_future_action":{"enabled":false,"date":"2026-05-07 02:39:05","action":"change-status","newStatus":"draft","terms":[],"taxonomy":"category","extraData":[]},"publishpress_future_workflow_manual_trigger":{"enabledWorkflows":[]},"_links":{"self":[{"href":"https:\/\/wctt.pwr.edu.pl\/en\/wp-json\/wp\/v2\/posts\/46245","targetHints":{"allow":["GET"]}}],"collection":[{"href":"https:\/\/wctt.pwr.edu.pl\/en\/wp-json\/wp\/v2\/posts"}],"about":[{"href":"https:\/\/wctt.pwr.edu.pl\/en\/wp-json\/wp\/v2\/types\/post"}],"author":[{"embeddable":true,"href":"https:\/\/wctt.pwr.edu.pl\/en\/wp-json\/wp\/v2\/users\/47"}],"replies":[{"embeddable":true,"href":"https:\/\/wctt.pwr.edu.pl\/en\/wp-json\/wp\/v2\/comments?post=46245"}],"version-history":[{"count":0,"href":"https:\/\/wctt.pwr.edu.pl\/en\/wp-json\/wp\/v2\/posts\/46245\/revisions"}],"wp:featuredmedia":[{"embeddable":true,"href":"https:\/\/wctt.pwr.edu.pl\/en\/wp-json\/wp\/v2\/media\/46246"}],"wp:attachment":[{"href":"https:\/\/wctt.pwr.edu.pl\/en\/wp-json\/wp\/v2\/media?parent=46245"}],"wp:term":[{"taxonomy":"category","embeddable":true,"href":"https:\/\/wctt.pwr.edu.pl\/en\/wp-json\/wp\/v2\/categories?post=46245"},{"taxonomy":"post_tag","embeddable":true,"href":"https:\/\/wctt.pwr.edu.pl\/en\/wp-json\/wp\/v2\/tags?post=46245"}],"curies":[{"name":"wp","href":"https:\/\/api.w.org\/{rel}","templated":true}]}}